{"id":2340,"date":"2023-02-22T09:16:47","date_gmt":"2023-02-22T14:16:47","guid":{"rendered":"https:\/\/nutriquebec.com\/?p=2340"},"modified":"2023-05-02T09:23:43","modified_gmt":"2023-05-02T14:23:43","slug":"the-nutriquebec-project-obtains-new-funding-from-the-government-of-quebec","status":"publish","type":"post","link":"https:\/\/nutriquebec.com\/en\/2023\/02\/22\/the-nutriquebec-project-obtains-new-funding-from-the-government-of-quebec\/","title":{"rendered":"The NutriQu\u00e9bec project obtains new funding from the Government of Quebec"},"content":{"rendered":"<p>The Government of Quebec renewed funding for the NutriQuebec Project as part of the <a href=\"https:\/\/publications.msss.gouv.qc.ca\/msss\/document-003411\/\" target=\"_blank\" rel=\"noopener noreferrer\">Plan d\u2019action interminist\u00e9riel 2022-2025<\/a> (PAI) of the Politique gouvernementale de pr\u00e9vention en sant\u00e9.<\/p>\n<p>Unveiled on June 8, 2022, the PAI proposes the NutriQuebec project as one of the actions to improve access to healthy eating. The refinancing of the NutriQuebec project will make it possible to monitor changes in the eating habits of Quebecers over time, including populations in vulnerable situations.<\/p>\n<p>All adults in Quebec are invited to register for this major online project.<\/p>\n<p><a class=\"btn\" href=\"https:\/\/nutriquebec.com\/en\/registration\/\" target=\"_blank\" rel=\"noopener noreferrer\">Register<\/a><\/p>\n","protected":false},"excerpt":{"rendered":"<p>The Government of Quebec renewed funding for the NutriQuebec Project as part of the Plan d\u2019action interminist\u00e9riel 2022-2025 (PAI) of the Politique gouvernementale de pr\u00e9vention en sant\u00e9. Unveiled on June 8, 2022, the PAI proposes the NutriQuebec project as one of the actions to improve access to healthy eating. The refinancing of the NutriQuebec project [&hellip;]<\/p>\n","protected":false},"author":3,"featured_media":0,"comment_status":"closed","ping_status":"open","sticky":false,"template":"","format":"standard","meta":{"_acf_changed":false,"inline_featured_image":false,"footnotes":""},"categories":[26],"tags":[],"class_list":["post-2340","post","type-post","status-publish","format-standard","hentry","category-news"],"acf":[],"yoast_head":"<!-- This site is optimized with the Yoast SEO plugin v26.8 - https:\/\/yoast.com\/product\/yoast-seo-wordpress\/ -->\n<title>The NutriQu\u00e9bec project obtains new funding from the Government of Quebec - NutriQu\u00e9bec<\/title>\n<meta name=\"robots\" content=\"index, follow, max-snippet:-1, max-image-preview:large, max-video-preview:-1\" \/>\n<link rel=\"canonical\" href=\"https:\/\/nutriquebec.com\/en\/2023\/02\/22\/the-nutriquebec-project-obtains-new-funding-from-the-government-of-quebec\/\" \/>\n<meta property=\"og:locale\" content=\"en_US\" \/>\n<meta property=\"og:type\" content=\"article\" \/>\n<meta property=\"og:title\" content=\"The NutriQu\u00e9bec project obtains new funding from the Government of Quebec - NutriQu\u00e9bec\" \/>\n<meta property=\"og:description\" content=\"The Government of Quebec renewed funding for the NutriQuebec Project as part of the Plan d\u2019action interminist\u00e9riel 2022-2025 (PAI) of the Politique gouvernementale de pr\u00e9vention en sant\u00e9. Unveiled on June 8, 2022, the PAI proposes the NutriQuebec project as one of the actions to improve access to healthy eating. The refinancing of the NutriQuebec project [&hellip;]\" \/>\n<meta property=\"og:url\" content=\"https:\/\/nutriquebec.com\/en\/2023\/02\/22\/the-nutriquebec-project-obtains-new-funding-from-the-government-of-quebec\/\" \/>\n<meta property=\"og:site_name\" content=\"NutriQu\u00e9bec\" \/>\n<meta property=\"article:publisher\" content=\"https:\/\/www.facebook.com\/NutriQuebec\/\" \/>\n<meta property=\"article:published_time\" content=\"2023-02-22T14:16:47+00:00\" \/>\n<meta property=\"article:modified_time\" content=\"2023-05-02T14:23:43+00:00\" \/>\n<meta name=\"author\" content=\"Catherine Laram\u00e9e\" \/>\n<meta name=\"twitter:card\" content=\"summary_large_image\" \/>\n<meta name=\"twitter:label1\" content=\"Written by\" \/>\n\t<meta name=\"twitter:data1\" content=\"Catherine Laram\u00e9e\" \/>\n\t<meta name=\"twitter:label2\" content=\"Est. reading time\" \/>\n\t<meta name=\"twitter:data2\" content=\"1 minute\" \/>\n<script type=\"application\/ld+json\" class=\"yoast-schema-graph\">{\"@context\":\"https:\/\/schema.org\",\"@graph\":[{\"@type\":\"Article\",\"@id\":\"https:\/\/nutriquebec.com\/en\/2023\/02\/22\/the-nutriquebec-project-obtains-new-funding-from-the-government-of-quebec\/#article\",\"isPartOf\":{\"@id\":\"https:\/\/nutriquebec.com\/en\/2023\/02\/22\/the-nutriquebec-project-obtains-new-funding-from-the-government-of-quebec\/\"},\"author\":{\"name\":\"Catherine Laram\u00e9e\",\"@id\":\"https:\/\/nutriquebec.com\/#\/schema\/person\/779233aedbe72a5e7027616c576af8d6\"},\"headline\":\"The NutriQu\u00e9bec project obtains new funding from the Government of Quebec\",\"datePublished\":\"2023-02-22T14:16:47+00:00\",\"dateModified\":\"2023-05-02T14:23:43+00:00\",\"mainEntityOfPage\":{\"@id\":\"https:\/\/nutriquebec.com\/en\/2023\/02\/22\/the-nutriquebec-project-obtains-new-funding-from-the-government-of-quebec\/\"},\"wordCount\":102,\"publisher\":{\"@id\":\"https:\/\/nutriquebec.com\/#organization\"},\"articleSection\":[\"News\"],\"inLanguage\":\"en-US\"},{\"@type\":\"WebPage\",\"@id\":\"https:\/\/nutriquebec.com\/en\/2023\/02\/22\/the-nutriquebec-project-obtains-new-funding-from-the-government-of-quebec\/\",\"url\":\"https:\/\/nutriquebec.com\/en\/2023\/02\/22\/the-nutriquebec-project-obtains-new-funding-from-the-government-of-quebec\/\",\"name\":\"The NutriQu\u00e9bec project obtains new funding from the Government of Quebec - NutriQu\u00e9bec\",\"isPartOf\":{\"@id\":\"https:\/\/nutriquebec.com\/#website\"},\"datePublished\":\"2023-02-22T14:16:47+00:00\",\"dateModified\":\"2023-05-02T14:23:43+00:00\",\"breadcrumb\":{\"@id\":\"https:\/\/nutriquebec.com\/en\/2023\/02\/22\/the-nutriquebec-project-obtains-new-funding-from-the-government-of-quebec\/#breadcrumb\"},\"inLanguage\":\"en-US\",\"potentialAction\":[{\"@type\":\"ReadAction\",\"target\":[\"https:\/\/nutriquebec.com\/en\/2023\/02\/22\/the-nutriquebec-project-obtains-new-funding-from-the-government-of-quebec\/\"]}]},{\"@type\":\"BreadcrumbList\",\"@id\":\"https:\/\/nutriquebec.com\/en\/2023\/02\/22\/the-nutriquebec-project-obtains-new-funding-from-the-government-of-quebec\/#breadcrumb\",\"itemListElement\":[{\"@type\":\"ListItem\",\"position\":1,\"name\":\"Home\",\"item\":\"https:\/\/nutriquebec.com\/en\/\"},{\"@type\":\"ListItem\",\"position\":2,\"name\":\"The NutriQu\u00e9bec project obtains new funding from the Government of Quebec\"}]},{\"@type\":\"WebSite\",\"@id\":\"https:\/\/nutriquebec.com\/#website\",\"url\":\"https:\/\/nutriquebec.com\/\",\"name\":\"NutriQu\u00e9bec\",\"description\":\"\",\"publisher\":{\"@id\":\"https:\/\/nutriquebec.com\/#organization\"},\"potentialAction\":[{\"@type\":\"SearchAction\",\"target\":{\"@type\":\"EntryPoint\",\"urlTemplate\":\"https:\/\/nutriquebec.com\/?s={search_term_string}\"},\"query-input\":{\"@type\":\"PropertyValueSpecification\",\"valueRequired\":true,\"valueName\":\"search_term_string\"}}],\"inLanguage\":\"en-US\"},{\"@type\":\"Organization\",\"@id\":\"https:\/\/nutriquebec.com\/#organization\",\"name\":\"Institut sur la nutrition et les aliments fonctionnels\",\"url\":\"https:\/\/nutriquebec.com\/\",\"logo\":{\"@type\":\"ImageObject\",\"inLanguage\":\"en-US\",\"@id\":\"https:\/\/nutriquebec.com\/#\/schema\/logo\/image\/\",\"url\":\"https:\/\/nutriquebec.com\/wp-content\/uploads\/2019\/03\/INAF.png\",\"contentUrl\":\"https:\/\/nutriquebec.com\/wp-content\/uploads\/2019\/03\/INAF.png\",\"width\":581,\"height\":214,\"caption\":\"Institut sur la nutrition et les aliments fonctionnels\"},\"image\":{\"@id\":\"https:\/\/nutriquebec.com\/#\/schema\/logo\/image\/\"},\"sameAs\":[\"https:\/\/www.facebook.com\/NutriQuebec\/\"]},{\"@type\":\"Person\",\"@id\":\"https:\/\/nutriquebec.com\/#\/schema\/person\/779233aedbe72a5e7027616c576af8d6\",\"name\":\"Catherine Laram\u00e9e\",\"image\":{\"@type\":\"ImageObject\",\"inLanguage\":\"en-US\",\"@id\":\"https:\/\/nutriquebec.com\/#\/schema\/person\/image\/\",\"url\":\"https:\/\/secure.gravatar.com\/avatar\/053d7c1a3a426c5a272d2e4f37206132071c73a211ceda652c9104e4c51161fe?s=96&d=mm&r=g\",\"contentUrl\":\"https:\/\/secure.gravatar.com\/avatar\/053d7c1a3a426c5a272d2e4f37206132071c73a211ceda652c9104e4c51161fe?s=96&d=mm&r=g\",\"caption\":\"Catherine Laram\u00e9e\"}}]}<\/script>\n<!-- \/ Yoast SEO plugin. -->","yoast_head_json":{"title":"The NutriQu\u00e9bec project obtains new funding from the Government of Quebec - NutriQu\u00e9bec","robots":{"index":"index","follow":"follow","max-snippet":"max-snippet:-1","max-image-preview":"max-image-preview:large","max-video-preview":"max-video-preview:-1"},"canonical":"https:\/\/nutriquebec.com\/en\/2023\/02\/22\/the-nutriquebec-project-obtains-new-funding-from-the-government-of-quebec\/","og_locale":"en_US","og_type":"article","og_title":"The NutriQu\u00e9bec project obtains new funding from the Government of Quebec - NutriQu\u00e9bec","og_description":"The Government of Quebec renewed funding for the NutriQuebec Project as part of the Plan d\u2019action interminist\u00e9riel 2022-2025 (PAI) of the Politique gouvernementale de pr\u00e9vention en sant\u00e9. Unveiled on June 8, 2022, the PAI proposes the NutriQuebec project as one of the actions to improve access to healthy eating. The refinancing of the NutriQuebec project [&hellip;]","og_url":"https:\/\/nutriquebec.com\/en\/2023\/02\/22\/the-nutriquebec-project-obtains-new-funding-from-the-government-of-quebec\/","og_site_name":"NutriQu\u00e9bec","article_publisher":"https:\/\/www.facebook.com\/NutriQuebec\/","article_published_time":"2023-02-22T14:16:47+00:00","article_modified_time":"2023-05-02T14:23:43+00:00","author":"Catherine Laram\u00e9e","twitter_card":"summary_large_image","twitter_misc":{"Written by":"Catherine Laram\u00e9e","Est. reading time":"1 minute"},"schema":{"@context":"https:\/\/schema.org","@graph":[{"@type":"Article","@id":"https:\/\/nutriquebec.com\/en\/2023\/02\/22\/the-nutriquebec-project-obtains-new-funding-from-the-government-of-quebec\/#article","isPartOf":{"@id":"https:\/\/nutriquebec.com\/en\/2023\/02\/22\/the-nutriquebec-project-obtains-new-funding-from-the-government-of-quebec\/"},"author":{"name":"Catherine Laram\u00e9e","@id":"https:\/\/nutriquebec.com\/#\/schema\/person\/779233aedbe72a5e7027616c576af8d6"},"headline":"The NutriQu\u00e9bec project obtains new funding from the Government of Quebec","datePublished":"2023-02-22T14:16:47+00:00","dateModified":"2023-05-02T14:23:43+00:00","mainEntityOfPage":{"@id":"https:\/\/nutriquebec.com\/en\/2023\/02\/22\/the-nutriquebec-project-obtains-new-funding-from-the-government-of-quebec\/"},"wordCount":102,"publisher":{"@id":"https:\/\/nutriquebec.com\/#organization"},"articleSection":["News"],"inLanguage":"en-US"},{"@type":"WebPage","@id":"https:\/\/nutriquebec.com\/en\/2023\/02\/22\/the-nutriquebec-project-obtains-new-funding-from-the-government-of-quebec\/","url":"https:\/\/nutriquebec.com\/en\/2023\/02\/22\/the-nutriquebec-project-obtains-new-funding-from-the-government-of-quebec\/","name":"The NutriQu\u00e9bec project obtains new funding from the Government of Quebec - NutriQu\u00e9bec","isPartOf":{"@id":"https:\/\/nutriquebec.com\/#website"},"datePublished":"2023-02-22T14:16:47+00:00","dateModified":"2023-05-02T14:23:43+00:00","breadcrumb":{"@id":"https:\/\/nutriquebec.com\/en\/2023\/02\/22\/the-nutriquebec-project-obtains-new-funding-from-the-government-of-quebec\/#breadcrumb"},"inLanguage":"en-US","potentialAction":[{"@type":"ReadAction","target":["https:\/\/nutriquebec.com\/en\/2023\/02\/22\/the-nutriquebec-project-obtains-new-funding-from-the-government-of-quebec\/"]}]},{"@type":"BreadcrumbList","@id":"https:\/\/nutriquebec.com\/en\/2023\/02\/22\/the-nutriquebec-project-obtains-new-funding-from-the-government-of-quebec\/#breadcrumb","itemListElement":[{"@type":"ListItem","position":1,"name":"Home","item":"https:\/\/nutriquebec.com\/en\/"},{"@type":"ListItem","position":2,"name":"The NutriQu\u00e9bec project obtains new funding from the Government of Quebec"}]},{"@type":"WebSite","@id":"https:\/\/nutriquebec.com\/#website","url":"https:\/\/nutriquebec.com\/","name":"NutriQu\u00e9bec","description":"","publisher":{"@id":"https:\/\/nutriquebec.com\/#organization"},"potentialAction":[{"@type":"SearchAction","target":{"@type":"EntryPoint","urlTemplate":"https:\/\/nutriquebec.com\/?s={search_term_string}"},"query-input":{"@type":"PropertyValueSpecification","valueRequired":true,"valueName":"search_term_string"}}],"inLanguage":"en-US"},{"@type":"Organization","@id":"https:\/\/nutriquebec.com\/#organization","name":"Institut sur la nutrition et les aliments fonctionnels","url":"https:\/\/nutriquebec.com\/","logo":{"@type":"ImageObject","inLanguage":"en-US","@id":"https:\/\/nutriquebec.com\/#\/schema\/logo\/image\/","url":"https:\/\/nutriquebec.com\/wp-content\/uploads\/2019\/03\/INAF.png","contentUrl":"https:\/\/nutriquebec.com\/wp-content\/uploads\/2019\/03\/INAF.png","width":581,"height":214,"caption":"Institut sur la nutrition et les aliments fonctionnels"},"image":{"@id":"https:\/\/nutriquebec.com\/#\/schema\/logo\/image\/"},"sameAs":["https:\/\/www.facebook.com\/NutriQuebec\/"]},{"@type":"Person","@id":"https:\/\/nutriquebec.com\/#\/schema\/person\/779233aedbe72a5e7027616c576af8d6","name":"Catherine Laram\u00e9e","image":{"@type":"ImageObject","inLanguage":"en-US","@id":"https:\/\/nutriquebec.com\/#\/schema\/person\/image\/","url":"https:\/\/secure.gravatar.com\/avatar\/053d7c1a3a426c5a272d2e4f37206132071c73a211ceda652c9104e4c51161fe?s=96&d=mm&r=g","contentUrl":"https:\/\/secure.gravatar.com\/avatar\/053d7c1a3a426c5a272d2e4f37206132071c73a211ceda652c9104e4c51161fe?s=96&d=mm&r=g","caption":"Catherine Laram\u00e9e"}}]}},"_links":{"self":[{"href":"https:\/\/nutriquebec.com\/en\/wp-json\/wp\/v2\/posts\/2340","targetHints":{"allow":["GET"]}}],"collection":[{"href":"https:\/\/nutriquebec.com\/en\/wp-json\/wp\/v2\/posts"}],"about":[{"href":"https:\/\/nutriquebec.com\/en\/wp-json\/wp\/v2\/types\/post"}],"author":[{"embeddable":true,"href":"https:\/\/nutriquebec.com\/en\/wp-json\/wp\/v2\/users\/3"}],"replies":[{"embeddable":true,"href":"https:\/\/nutriquebec.com\/en\/wp-json\/wp\/v2\/comments?post=2340"}],"version-history":[{"count":11,"href":"https:\/\/nutriquebec.com\/en\/wp-json\/wp\/v2\/posts\/2340\/revisions"}],"predecessor-version":[{"id":2494,"href":"https:\/\/nutriquebec.com\/en\/wp-json\/wp\/v2\/posts\/2340\/revisions\/2494"}],"wp:attachment":[{"href":"https:\/\/nutriquebec.com\/en\/wp-json\/wp\/v2\/media?parent=2340"}],"wp:term":[{"taxonomy":"category","embeddable":true,"href":"https:\/\/nutriquebec.com\/en\/wp-json\/wp\/v2\/categories?post=2340"},{"taxonomy":"post_tag","embeddable":true,"href":"https:\/\/nutriquebec.com\/en\/wp-json\/wp\/v2\/tags?post=2340"}],"curies":[{"name":"wp","href":"https:\/\/api.w.org\/{rel}","templated":true}]}}