{"id":2798,"date":"2026-09-03T08:18:46","date_gmt":"2026-09-03T13:18:46","guid":{"rendered":"https:\/\/nutriquebec.com\/?p=2798"},"modified":"2026-09-03T12:25:03","modified_gmt":"2026-09-03T17:25:03","slug":"the-coming-year-dedicated-to-studying-social-inequalities-in-diet-quality-in-quebec","status":"publish","type":"post","link":"https:\/\/nutriquebec.com\/en\/2026\/09\/03\/the-coming-year-dedicated-to-studying-social-inequalities-in-diet-quality-in-quebec\/","title":{"rendered":"The Coming Year Dedicated to Studying Social Inequalities in Diet Quality in Quebec"},"content":{"rendered":"<p>Thanks to new funding from the minist\u00e8re de la Sant\u00e9 et des Services sociaux (MSSS), data from NutriQu\u00e9bec will be leveraged in 2026-2027 to enhance our understanding of social inequalities in diet quality in Quebec and the factors that influence them.<\/p>\n<p>Today, poor diet quality remains one of the leading causes of chronic diseases, disability, and premature death in Canada. Factors such as income, education, and food insecurity has a profound influence on dietary intake and overall diet quality among Quebecers.<\/p>\n<p>The work carried out over the coming year will help better understand these realities and identify the factors most closely associated with diet quality. The results will help inform actions and policies aimed at promoting healthy and equitable diets for all Quebecers.<\/p>\n<p>The knowledge generated will be shared through a variety of channels, including dashboards, reports, scientific publications, and knowledge translation tools designed for decision-makers and public health practitioners<span data-contrast=\"auto\">.<\/span><span data-ccp-props=\"{&quot;134233117&quot;:true,&quot;134233118&quot;:true,&quot;201341983&quot;:2,&quot;335559740&quot;:300}\">\u00a0<\/span><\/p>\n","protected":false},"excerpt":{"rendered":"<p>Thanks to new funding from the minist\u00e8re de la Sant\u00e9 et des Services sociaux (MSSS), data from NutriQu\u00e9bec will be leveraged in 2026-2027 to enhance our understanding of social inequalities in diet quality in Quebec and the factors that influence them. Today, poor diet quality remains one of the leading causes of chronic diseases, disability, [&hellip;]<\/p>\n","protected":false},"author":3,"featured_media":0,"comment_status":"closed","ping_status":"open","sticky":false,"template":"","format":"standard","meta":{"_acf_changed":false,"inline_featured_image":false,"footnotes":""},"categories":[26],"tags":[],"class_list":["post-2798","post","type-post","status-publish","format-standard","hentry","category-news"],"acf":[],"yoast_head":"<!-- This site is optimized with the Yoast SEO plugin v26.8 - https:\/\/yoast.com\/product\/yoast-seo-wordpress\/ -->\n<title>The Coming Year Dedicated to Studying Social Inequalities in Diet Quality in Quebec - NutriQu\u00e9bec<\/title>\n<meta name=\"robots\" content=\"index, follow, max-snippet:-1, max-image-preview:large, max-video-preview:-1\" \/>\n<link rel=\"canonical\" href=\"https:\/\/nutriquebec.com\/en\/2026\/09\/03\/the-coming-year-dedicated-to-studying-social-inequalities-in-diet-quality-in-quebec\/\" \/>\n<meta property=\"og:locale\" content=\"en_US\" \/>\n<meta property=\"og:type\" content=\"article\" \/>\n<meta property=\"og:title\" content=\"The Coming Year Dedicated to Studying Social Inequalities in Diet Quality in Quebec - NutriQu\u00e9bec\" \/>\n<meta property=\"og:description\" content=\"Thanks to new funding from the minist\u00e8re de la Sant\u00e9 et des Services sociaux (MSSS), data from NutriQu\u00e9bec will be leveraged in 2026-2027 to enhance our understanding of social inequalities in diet quality in Quebec and the factors that influence them. Today, poor diet quality remains one of the leading causes of chronic diseases, disability, [&hellip;]\" \/>\n<meta property=\"og:url\" content=\"https:\/\/nutriquebec.com\/en\/2026\/09\/03\/the-coming-year-dedicated-to-studying-social-inequalities-in-diet-quality-in-quebec\/\" \/>\n<meta property=\"og:site_name\" content=\"NutriQu\u00e9bec\" \/>\n<meta property=\"article:publisher\" content=\"https:\/\/www.facebook.com\/NutriQuebec\/\" \/>\n<meta property=\"article:published_time\" content=\"2026-09-03T13:18:46+00:00\" \/>\n<meta property=\"article:modified_time\" content=\"2026-09-03T17:25:03+00:00\" \/>\n<meta name=\"author\" content=\"Catherine Laram\u00e9e\" \/>\n<meta name=\"twitter:card\" content=\"summary_large_image\" \/>\n<meta name=\"twitter:label1\" content=\"Written by\" \/>\n\t<meta name=\"twitter:data1\" content=\"Catherine Laram\u00e9e\" \/>\n\t<meta name=\"twitter:label2\" content=\"Est. reading time\" \/>\n\t<meta name=\"twitter:data2\" content=\"1 minute\" \/>\n<script type=\"application\/ld+json\" class=\"yoast-schema-graph\">{\"@context\":\"https:\/\/schema.org\",\"@graph\":[{\"@type\":\"Article\",\"@id\":\"https:\/\/nutriquebec.com\/en\/2026\/09\/03\/the-coming-year-dedicated-to-studying-social-inequalities-in-diet-quality-in-quebec\/#article\",\"isPartOf\":{\"@id\":\"https:\/\/nutriquebec.com\/en\/2026\/09\/03\/the-coming-year-dedicated-to-studying-social-inequalities-in-diet-quality-in-quebec\/\"},\"author\":{\"name\":\"Catherine Laram\u00e9e\",\"@id\":\"https:\/\/nutriquebec.com\/#\/schema\/person\/779233aedbe72a5e7027616c576af8d6\"},\"headline\":\"The Coming Year Dedicated to Studying Social Inequalities in Diet Quality in Quebec\",\"datePublished\":\"2026-09-03T13:18:46+00:00\",\"dateModified\":\"2026-09-03T17:25:03+00:00\",\"mainEntityOfPage\":{\"@id\":\"https:\/\/nutriquebec.com\/en\/2026\/09\/03\/the-coming-year-dedicated-to-studying-social-inequalities-in-diet-quality-in-quebec\/\"},\"wordCount\":165,\"publisher\":{\"@id\":\"https:\/\/nutriquebec.com\/#organization\"},\"articleSection\":[\"News\"],\"inLanguage\":\"en-US\"},{\"@type\":\"WebPage\",\"@id\":\"https:\/\/nutriquebec.com\/en\/2026\/09\/03\/the-coming-year-dedicated-to-studying-social-inequalities-in-diet-quality-in-quebec\/\",\"url\":\"https:\/\/nutriquebec.com\/en\/2026\/09\/03\/the-coming-year-dedicated-to-studying-social-inequalities-in-diet-quality-in-quebec\/\",\"name\":\"The Coming Year Dedicated to Studying Social Inequalities in Diet Quality in Quebec - NutriQu\u00e9bec\",\"isPartOf\":{\"@id\":\"https:\/\/nutriquebec.com\/#website\"},\"datePublished\":\"2026-09-03T13:18:46+00:00\",\"dateModified\":\"2026-09-03T17:25:03+00:00\",\"breadcrumb\":{\"@id\":\"https:\/\/nutriquebec.com\/en\/2026\/09\/03\/the-coming-year-dedicated-to-studying-social-inequalities-in-diet-quality-in-quebec\/#breadcrumb\"},\"inLanguage\":\"en-US\",\"potentialAction\":[{\"@type\":\"ReadAction\",\"target\":[\"https:\/\/nutriquebec.com\/en\/2026\/09\/03\/the-coming-year-dedicated-to-studying-social-inequalities-in-diet-quality-in-quebec\/\"]}]},{\"@type\":\"BreadcrumbList\",\"@id\":\"https:\/\/nutriquebec.com\/en\/2026\/09\/03\/the-coming-year-dedicated-to-studying-social-inequalities-in-diet-quality-in-quebec\/#breadcrumb\",\"itemListElement\":[{\"@type\":\"ListItem\",\"position\":1,\"name\":\"Home\",\"item\":\"https:\/\/nutriquebec.com\/en\/\"},{\"@type\":\"ListItem\",\"position\":2,\"name\":\"The Coming Year Dedicated to Studying Social Inequalities in Diet Quality in Quebec\"}]},{\"@type\":\"WebSite\",\"@id\":\"https:\/\/nutriquebec.com\/#website\",\"url\":\"https:\/\/nutriquebec.com\/\",\"name\":\"NutriQu\u00e9bec\",\"description\":\"\",\"publisher\":{\"@id\":\"https:\/\/nutriquebec.com\/#organization\"},\"potentialAction\":[{\"@type\":\"SearchAction\",\"target\":{\"@type\":\"EntryPoint\",\"urlTemplate\":\"https:\/\/nutriquebec.com\/?s={search_term_string}\"},\"query-input\":{\"@type\":\"PropertyValueSpecification\",\"valueRequired\":true,\"valueName\":\"search_term_string\"}}],\"inLanguage\":\"en-US\"},{\"@type\":\"Organization\",\"@id\":\"https:\/\/nutriquebec.com\/#organization\",\"name\":\"Institut sur la nutrition et les aliments fonctionnels\",\"url\":\"https:\/\/nutriquebec.com\/\",\"logo\":{\"@type\":\"ImageObject\",\"inLanguage\":\"en-US\",\"@id\":\"https:\/\/nutriquebec.com\/#\/schema\/logo\/image\/\",\"url\":\"https:\/\/nutriquebec.com\/wp-content\/uploads\/2019\/03\/INAF.png\",\"contentUrl\":\"https:\/\/nutriquebec.com\/wp-content\/uploads\/2019\/03\/INAF.png\",\"width\":581,\"height\":214,\"caption\":\"Institut sur la nutrition et les aliments fonctionnels\"},\"image\":{\"@id\":\"https:\/\/nutriquebec.com\/#\/schema\/logo\/image\/\"},\"sameAs\":[\"https:\/\/www.facebook.com\/NutriQuebec\/\"]},{\"@type\":\"Person\",\"@id\":\"https:\/\/nutriquebec.com\/#\/schema\/person\/779233aedbe72a5e7027616c576af8d6\",\"name\":\"Catherine Laram\u00e9e\",\"image\":{\"@type\":\"ImageObject\",\"inLanguage\":\"en-US\",\"@id\":\"https:\/\/nutriquebec.com\/#\/schema\/person\/image\/\",\"url\":\"https:\/\/secure.gravatar.com\/avatar\/053d7c1a3a426c5a272d2e4f37206132071c73a211ceda652c9104e4c51161fe?s=96&d=mm&r=g\",\"contentUrl\":\"https:\/\/secure.gravatar.com\/avatar\/053d7c1a3a426c5a272d2e4f37206132071c73a211ceda652c9104e4c51161fe?s=96&d=mm&r=g\",\"caption\":\"Catherine Laram\u00e9e\"}}]}<\/script>\n<!-- \/ Yoast SEO plugin. -->","yoast_head_json":{"title":"The Coming Year Dedicated to Studying Social Inequalities in Diet Quality in Quebec - NutriQu\u00e9bec","robots":{"index":"index","follow":"follow","max-snippet":"max-snippet:-1","max-image-preview":"max-image-preview:large","max-video-preview":"max-video-preview:-1"},"canonical":"https:\/\/nutriquebec.com\/en\/2026\/09\/03\/the-coming-year-dedicated-to-studying-social-inequalities-in-diet-quality-in-quebec\/","og_locale":"en_US","og_type":"article","og_title":"The Coming Year Dedicated to Studying Social Inequalities in Diet Quality in Quebec - NutriQu\u00e9bec","og_description":"Thanks to new funding from the minist\u00e8re de la Sant\u00e9 et des Services sociaux (MSSS), data from NutriQu\u00e9bec will be leveraged in 2026-2027 to enhance our understanding of social inequalities in diet quality in Quebec and the factors that influence them. Today, poor diet quality remains one of the leading causes of chronic diseases, disability, [&hellip;]","og_url":"https:\/\/nutriquebec.com\/en\/2026\/09\/03\/the-coming-year-dedicated-to-studying-social-inequalities-in-diet-quality-in-quebec\/","og_site_name":"NutriQu\u00e9bec","article_publisher":"https:\/\/www.facebook.com\/NutriQuebec\/","article_published_time":"2026-09-03T13:18:46+00:00","article_modified_time":"2026-09-03T17:25:03+00:00","author":"Catherine Laram\u00e9e","twitter_card":"summary_large_image","twitter_misc":{"Written by":"Catherine Laram\u00e9e","Est. reading time":"1 minute"},"schema":{"@context":"https:\/\/schema.org","@graph":[{"@type":"Article","@id":"https:\/\/nutriquebec.com\/en\/2026\/09\/03\/the-coming-year-dedicated-to-studying-social-inequalities-in-diet-quality-in-quebec\/#article","isPartOf":{"@id":"https:\/\/nutriquebec.com\/en\/2026\/09\/03\/the-coming-year-dedicated-to-studying-social-inequalities-in-diet-quality-in-quebec\/"},"author":{"name":"Catherine Laram\u00e9e","@id":"https:\/\/nutriquebec.com\/#\/schema\/person\/779233aedbe72a5e7027616c576af8d6"},"headline":"The Coming Year Dedicated to Studying Social Inequalities in Diet Quality in Quebec","datePublished":"2026-09-03T13:18:46+00:00","dateModified":"2026-09-03T17:25:03+00:00","mainEntityOfPage":{"@id":"https:\/\/nutriquebec.com\/en\/2026\/09\/03\/the-coming-year-dedicated-to-studying-social-inequalities-in-diet-quality-in-quebec\/"},"wordCount":165,"publisher":{"@id":"https:\/\/nutriquebec.com\/#organization"},"articleSection":["News"],"inLanguage":"en-US"},{"@type":"WebPage","@id":"https:\/\/nutriquebec.com\/en\/2026\/09\/03\/the-coming-year-dedicated-to-studying-social-inequalities-in-diet-quality-in-quebec\/","url":"https:\/\/nutriquebec.com\/en\/2026\/09\/03\/the-coming-year-dedicated-to-studying-social-inequalities-in-diet-quality-in-quebec\/","name":"The Coming Year Dedicated to Studying Social Inequalities in Diet Quality in Quebec - NutriQu\u00e9bec","isPartOf":{"@id":"https:\/\/nutriquebec.com\/#website"},"datePublished":"2026-09-03T13:18:46+00:00","dateModified":"2026-09-03T17:25:03+00:00","breadcrumb":{"@id":"https:\/\/nutriquebec.com\/en\/2026\/09\/03\/the-coming-year-dedicated-to-studying-social-inequalities-in-diet-quality-in-quebec\/#breadcrumb"},"inLanguage":"en-US","potentialAction":[{"@type":"ReadAction","target":["https:\/\/nutriquebec.com\/en\/2026\/09\/03\/the-coming-year-dedicated-to-studying-social-inequalities-in-diet-quality-in-quebec\/"]}]},{"@type":"BreadcrumbList","@id":"https:\/\/nutriquebec.com\/en\/2026\/09\/03\/the-coming-year-dedicated-to-studying-social-inequalities-in-diet-quality-in-quebec\/#breadcrumb","itemListElement":[{"@type":"ListItem","position":1,"name":"Home","item":"https:\/\/nutriquebec.com\/en\/"},{"@type":"ListItem","position":2,"name":"The Coming Year Dedicated to Studying Social Inequalities in Diet Quality in Quebec"}]},{"@type":"WebSite","@id":"https:\/\/nutriquebec.com\/#website","url":"https:\/\/nutriquebec.com\/","name":"NutriQu\u00e9bec","description":"","publisher":{"@id":"https:\/\/nutriquebec.com\/#organization"},"potentialAction":[{"@type":"SearchAction","target":{"@type":"EntryPoint","urlTemplate":"https:\/\/nutriquebec.com\/?s={search_term_string}"},"query-input":{"@type":"PropertyValueSpecification","valueRequired":true,"valueName":"search_term_string"}}],"inLanguage":"en-US"},{"@type":"Organization","@id":"https:\/\/nutriquebec.com\/#organization","name":"Institut sur la nutrition et les aliments fonctionnels","url":"https:\/\/nutriquebec.com\/","logo":{"@type":"ImageObject","inLanguage":"en-US","@id":"https:\/\/nutriquebec.com\/#\/schema\/logo\/image\/","url":"https:\/\/nutriquebec.com\/wp-content\/uploads\/2019\/03\/INAF.png","contentUrl":"https:\/\/nutriquebec.com\/wp-content\/uploads\/2019\/03\/INAF.png","width":581,"height":214,"caption":"Institut sur la nutrition et les aliments fonctionnels"},"image":{"@id":"https:\/\/nutriquebec.com\/#\/schema\/logo\/image\/"},"sameAs":["https:\/\/www.facebook.com\/NutriQuebec\/"]},{"@type":"Person","@id":"https:\/\/nutriquebec.com\/#\/schema\/person\/779233aedbe72a5e7027616c576af8d6","name":"Catherine Laram\u00e9e","image":{"@type":"ImageObject","inLanguage":"en-US","@id":"https:\/\/nutriquebec.com\/#\/schema\/person\/image\/","url":"https:\/\/secure.gravatar.com\/avatar\/053d7c1a3a426c5a272d2e4f37206132071c73a211ceda652c9104e4c51161fe?s=96&d=mm&r=g","contentUrl":"https:\/\/secure.gravatar.com\/avatar\/053d7c1a3a426c5a272d2e4f37206132071c73a211ceda652c9104e4c51161fe?s=96&d=mm&r=g","caption":"Catherine Laram\u00e9e"}}]}},"_links":{"self":[{"href":"https:\/\/nutriquebec.com\/en\/wp-json\/wp\/v2\/posts\/2798","targetHints":{"allow":["GET"]}}],"collection":[{"href":"https:\/\/nutriquebec.com\/en\/wp-json\/wp\/v2\/posts"}],"about":[{"href":"https:\/\/nutriquebec.com\/en\/wp-json\/wp\/v2\/types\/post"}],"author":[{"embeddable":true,"href":"https:\/\/nutriquebec.com\/en\/wp-json\/wp\/v2\/users\/3"}],"replies":[{"embeddable":true,"href":"https:\/\/nutriquebec.com\/en\/wp-json\/wp\/v2\/comments?post=2798"}],"version-history":[{"count":3,"href":"https:\/\/nutriquebec.com\/en\/wp-json\/wp\/v2\/posts\/2798\/revisions"}],"predecessor-version":[{"id":2809,"href":"https:\/\/nutriquebec.com\/en\/wp-json\/wp\/v2\/posts\/2798\/revisions\/2809"}],"wp:attachment":[{"href":"https:\/\/nutriquebec.com\/en\/wp-json\/wp\/v2\/media?parent=2798"}],"wp:term":[{"taxonomy":"category","embeddable":true,"href":"https:\/\/nutriquebec.com\/en\/wp-json\/wp\/v2\/categories?post=2798"},{"taxonomy":"post_tag","embeddable":true,"href":"https:\/\/nutriquebec.com\/en\/wp-json\/wp\/v2\/tags?post=2798"}],"curies":[{"name":"wp","href":"https:\/\/api.w.org\/{rel}","templated":true}]}}